{"id":6801,"date":"2020-02-05T19:48:53","date_gmt":"2020-02-05T19:48:53","guid":{"rendered":"https:\/\/citcem.org\/professor-amelia-polonia-receives-the-title-honoris-causa-from-the-university-of-bretagne-sud\/"},"modified":"2020-02-05T19:48:53","modified_gmt":"2020-02-05T19:48:53","slug":"professor-amelia-polonia-receives-the-title-honoris-causa-from-the-university-of-bretagne-sud","status":"publish","type":"post","link":"https:\/\/citcem.org\/en\/professor-amelia-polonia-receives-the-title-honoris-causa-from-the-university-of-bretagne-sud\/","title":{"rendered":"Professor Am\u00e9lia Pol\u00f3nia receives the title &#8220;Honoris Causa&#8221; from the University of Bretagne Sud"},"content":{"rendered":"<div class=\"news-text\">\n<p>This is one of the most prestigious distinctions awarded by French Universities to personalities of foreign nationality &#8220;<em>en raison de services \u00e9minents rendus aux sciences, aux lettres ou aux arts, \u00e0 la France ou \u00e0 l&#8217;universit\u00e9<\/em><em> <\/em>&#8220;. For the significance of the personal, but also institutional distinction, CITCEM can only congratulate itself with the attribution of this honorable title to its Scientific Coordinator.<\/p>\n<p>The information made available by the University itself is a clear demonstration of the international recognition of its academic and scientific path.<\/p>\n<p>The ceremony took place at the Facult\u00e9 de Droit, des Sciences \u00c9conomiques &amp; de Gestion in Vannes on February 10, 2020.<\/p>\n<p>&nbsp;<\/p>\n<p><em>More information: <a href=\"https:\/\/noticias.up.pt\/amelia-polonia-e-doutora-honoris-causa-pela-universite-bretagne-sud\/\" target=\"_blank\" rel=\"noopener\">https:\/\/noticias.up.pt\/amelia-polonia-e-doutora-honoris-causa-pela-universite-bretagne-sud\/<\/a><\/em><\/p>\n<\/div>\n","protected":false},"excerpt":{"rendered":"<p>This is one of the most prestigious distinctions awarded by French Universities to personalities of foreign nationality &#8220;en raison de services \u00e9minents rendus aux sciences, aux lettres ou aux arts, \u00e0 la France ou \u00e0 l&#8217;universit\u00e9 &#8220;. For the significance of the personal, but also institutional distinction, CITCEM can only congratulate itself with the attribution [&hellip;]<\/p>\n","protected":false},"author":3,"featured_media":6800,"comment_status":"closed","ping_status":"closed","sticky":false,"template":"","format":"standard","meta":{"footnotes":""},"categories":[242],"tags":[],"ano-noticia":[266],"class_list":["post-6801","post","type-post","status-publish","format-standard","has-post-thumbnail","hentry","category-general","ano-noticia-2020-en-2"],"_links":{"self":[{"href":"https:\/\/citcem.org\/en\/wp-json\/wp\/v2\/posts\/6801","targetHints":{"allow":["GET"]}}],"collection":[{"href":"https:\/\/citcem.org\/en\/wp-json\/wp\/v2\/posts"}],"about":[{"href":"https:\/\/citcem.org\/en\/wp-json\/wp\/v2\/types\/post"}],"author":[{"embeddable":true,"href":"https:\/\/citcem.org\/en\/wp-json\/wp\/v2\/users\/3"}],"replies":[{"embeddable":true,"href":"https:\/\/citcem.org\/en\/wp-json\/wp\/v2\/comments?post=6801"}],"version-history":[{"count":0,"href":"https:\/\/citcem.org\/en\/wp-json\/wp\/v2\/posts\/6801\/revisions"}],"wp:featuredmedia":[{"embeddable":true,"href":"https:\/\/citcem.org\/en\/wp-json\/wp\/v2\/media\/6800"}],"wp:attachment":[{"href":"https:\/\/citcem.org\/en\/wp-json\/wp\/v2\/media?parent=6801"}],"wp:term":[{"taxonomy":"category","embeddable":true,"href":"https:\/\/citcem.org\/en\/wp-json\/wp\/v2\/categories?post=6801"},{"taxonomy":"post_tag","embeddable":true,"href":"https:\/\/citcem.org\/en\/wp-json\/wp\/v2\/tags?post=6801"},{"taxonomy":"ano-noticia","embeddable":true,"href":"https:\/\/citcem.org\/en\/wp-json\/wp\/v2\/ano-noticia?post=6801"}],"curies":[{"name":"wp","href":"https:\/\/api.w.org\/{rel}","templated":true}]}}