{"id":23896,"date":"2026-03-10T12:05:46","date_gmt":"2026-03-10T12:05:46","guid":{"rendered":"https:\/\/citcem.org\/apresentacao-a-obra-epilogo-e-compendio-historico-dos-loios-da-fundacam-dos-nove-conventos-das-suas-rendas-encargos-de-outras-memorias\/"},"modified":"2026-04-24T14:07:17","modified_gmt":"2026-04-24T14:07:17","slug":"epilogo-e-compendio-historico-dos-loios","status":"publish","type":"post","link":"https:\/\/citcem.org\/en\/epilogo-e-compendio-historico-dos-loios\/","title":{"rendered":"Presentation of the book &#8220;Ep\u00edlogo e Comp\u00eandio Hist\u00f3rico dos L\u00f3ios &#8211; Da funda\u00e7am dos nove conventos, das suas Rendas; encargos &amp; Prelados; &amp; dos eleze Hospitaes da sua administra\u00e7\u00e3o; &amp; de outras memorias&#8221; (Epilogue and Historical Compendium of the L\u00f3ios)"},"content":{"rendered":"<p><strong>PRESENTATION OF THE WORK:<\/strong><\/p>\n<p><em>&#8220;Epilogue and Historical Compendium of the L\u00f3ios.<\/em><\/p>\n<p><em>On the founding of the nine convents, their incomes; charges &amp; prelates;<\/em><\/p>\n<p><em>&amp; of the eleven Hospices of its administration; &amp; of other memoirs&#8221;<\/em><\/p>\n<p>&nbsp;<\/p>\n<p><strong>Convento dos L\u00f3ios Museum &#8211; March 13, 2026, 21h15<\/strong><\/p>\n<p>&nbsp;<\/p>\n<p>On Friday, <strong>March 13, 2026<\/strong>, at 9:15 p.m., at the <strong>Convento dos L\u00f3ios Museum<\/strong> in Santa Maria da Feira, the work <em>&#8220;Ep\u00edlogo e Comp\u00eandio Hist\u00f3rico dos L\u00f3ios &#8211; Da funda\u00e7am dos nove conventos, das suas Rendas; encargos &amp; Prelados; &amp; dos eleze Hospitaes<\/em> da <em>sua administra\u00e7\u00e3o; &amp; de outras memorias&#8221;,<\/em> by the L\u00f3io priest Jorge de S. Paulo, will be publicly presented. Paulo, in a critical edition with introduction, reading, editing and notes by Pedro Vilas Boas Tavares and C\u00e9sar Costa (CITCEM researchers). The session, promoted by the Santa Maria da Feira City Council, marks the publication of one of the most important manuscript sources for knowledge of the Congregation of the Secular Canons of St. John the Evangelist, and will be led by Professors Armando Malheiro and Lu\u00eds Carlos Amaral.<\/p>\n<p>This volume corresponds to just one of the two parts into which the author himself divided his work. For practical and editorial reasons, the present edition opens a first volume that publishes the material related to the so-called &#8220;Second Part&#8221; of the manuscript, centered on the foundations of the nine convents that made up the Congregation. The second volume, to be published at the end of 2026, will bring together the &#8220;First Part&#8221;, dedicated to the origin of the Congregation in Portugal and its Venetian matrix.<\/p>\n<p>The edition now presented, printed on the initiative of the town council of Feira, with the support of CITCEM and FCT, is a rigorous paleographic transcription, preserving the integrity of the manuscript, accompanied by a critical apparatus that facilitates the reading and scientific interpretation of the text, making it valuable as a tool for the study of religious reform in Portugal, the history of the regular congregations, hospital care and L\u00f3io heritage.<\/p>\n<p>With this initiative, the Municipality of Santa Maria da Feira reaffirms its commitment to enhancing the historical and religious heritage linked to the former Convento dos L\u00f3ios, projecting the municipality as a reference space for academic studies on the Congregation of St. John the Evangelist. The publication of this volume is not just an edition of a 17th century manuscript: it is the public restitution of a structuring memory of Portuguese religious history.<\/p>\n","protected":false},"excerpt":{"rendered":"<p>PRESENTATION OF THE WORK: &#8220;Epilogue and Historical Compendium of the L\u00f3ios. On the founding of the nine convents, their incomes; charges &amp; prelates; &amp; of the eleven Hospices of its administration; &amp; of other memoirs&#8221; &nbsp; Convento dos L\u00f3ios Museum &#8211; March 13, 2026, 21h15 &nbsp; On Friday, March 13, 2026, at 9:15 p.m., at [&hellip;]<\/p>\n","protected":false},"author":3,"featured_media":24305,"comment_status":"closed","ping_status":"closed","sticky":false,"template":"","format":"standard","meta":{"footnotes":""},"categories":[242],"tags":[520],"ano-noticia":[529],"class_list":["post-23896","post","type-post","status-publish","format-standard","has-post-thumbnail","hentry","category-general","tag-apresentacao-de-publicacao-en","ano-noticia-529"],"_links":{"self":[{"href":"https:\/\/citcem.org\/en\/wp-json\/wp\/v2\/posts\/23896","targetHints":{"allow":["GET"]}}],"collection":[{"href":"https:\/\/citcem.org\/en\/wp-json\/wp\/v2\/posts"}],"about":[{"href":"https:\/\/citcem.org\/en\/wp-json\/wp\/v2\/types\/post"}],"author":[{"embeddable":true,"href":"https:\/\/citcem.org\/en\/wp-json\/wp\/v2\/users\/3"}],"replies":[{"embeddable":true,"href":"https:\/\/citcem.org\/en\/wp-json\/wp\/v2\/comments?post=23896"}],"version-history":[{"count":2,"href":"https:\/\/citcem.org\/en\/wp-json\/wp\/v2\/posts\/23896\/revisions"}],"predecessor-version":[{"id":24752,"href":"https:\/\/citcem.org\/en\/wp-json\/wp\/v2\/posts\/23896\/revisions\/24752"}],"wp:featuredmedia":[{"embeddable":true,"href":"https:\/\/citcem.org\/en\/wp-json\/wp\/v2\/media\/24305"}],"wp:attachment":[{"href":"https:\/\/citcem.org\/en\/wp-json\/wp\/v2\/media?parent=23896"}],"wp:term":[{"taxonomy":"category","embeddable":true,"href":"https:\/\/citcem.org\/en\/wp-json\/wp\/v2\/categories?post=23896"},{"taxonomy":"post_tag","embeddable":true,"href":"https:\/\/citcem.org\/en\/wp-json\/wp\/v2\/tags?post=23896"},{"taxonomy":"ano-noticia","embeddable":true,"href":"https:\/\/citcem.org\/en\/wp-json\/wp\/v2\/ano-noticia?post=23896"}],"curies":[{"name":"wp","href":"https:\/\/api.w.org\/{rel}","templated":true}]}}