{"id":23243,"date":"2025-12-05T12:57:04","date_gmt":"2025-12-05T12:57:04","guid":{"rendered":"https:\/\/citcem.org\/congresso-isko-2025\/"},"modified":"2025-12-05T14:51:53","modified_gmt":"2025-12-05T14:51:53","slug":"congresso-isko-2025","status":"publish","type":"post","link":"https:\/\/citcem.org\/en\/congresso-isko-2025\/","title":{"rendered":"Congresso ISKO 2025"},"content":{"rendered":"<div class=\"elementor-element elementor-element-93f82cc elementor-widget elementor-widget-jet-listing-dynamic-field\" data-id=\"93f82cc\" data-element_type=\"widget\" data-widget_type=\"jet-listing-dynamic-field.default\">\n<div class=\"elementor-widget-container\">\n<div class=\"jet-listing jet-listing-dynamic-field display-inline\">\n<div class=\"jet-listing-dynamic-field__inline-wrap\">O VII Congresso ISKO Espanha-Portugal \/ XVII Congresso ISKO Espanha decorreu na Faculdade de Letras da Universidade do Porto (Portugal),<\/div>\n<div class=\"jet-listing-dynamic-field__inline-wrap\">nos dias <strong>13 e 14 de novembro de 2025<\/strong><\/div>\n<\/div>\n<\/div>\n<\/div>\n<div class=\"elementor-element elementor-element-4d22937 elementor-widget elementor-widget-jet-listing-dynamic-field\" data-id=\"4d22937\" data-element_type=\"widget\" data-widget_type=\"jet-listing-dynamic-field.default\">\n<div class=\"elementor-widget-container\">\n<div class=\"jet-listing jet-listing-dynamic-field display-inline\">\n<div class=\"jet-listing-dynamic-field__inline-wrap\">\n<div class=\"jet-listing-dynamic-field__content\">\n<div class=\"entry-content entry--item\">\n<p>Tema geral:\u00a0Desafios \u00e9ticos na Organiza\u00e7\u00e3o do Conhecimento<\/p>\n<p>Temas das sess\u00f5es:<\/p>\n<p>Tema 1 \u2013 \u00c9tica na teoria e nas pr\u00e1ticas de Organiza\u00e7\u00e3o do Conhecimento<br \/>\nTema 2 \u2013 Intelig\u00eancia Artificial Generativa e Organiza\u00e7\u00e3o do Conhecimento<br \/>\nTema 3 \u2013 Inclus\u00e3o e diversidade em Organiza\u00e7\u00e3o do Conhecimento<br \/>\nTema 4 \u2013 Os Utilizadores e os Sistemas de Organiza\u00e7\u00e3o do Conhecimento<\/p>\n<\/div>\n<p>Mais informa\u00e7\u00f5es em <a href=\"https:\/\/citcem.org\/en\/events\/congresso-isko-2025\/\">https:\/\/citcem.org\/eventos\/congresso-isko-2025\/<\/a><\/p>\n<p><img loading=\"lazy\" decoding=\"async\" class=\"alignnone wp-image-23239 \" src=\"https:\/\/citcem.org\/wp-content\/uploads\/2025\/12\/ISKO.jpg\" alt=\"\" width=\"1154\" height=\"1632\" srcset=\"https:\/\/citcem.org\/wp-content\/uploads\/2025\/12\/ISKO.jpg 1414w, https:\/\/citcem.org\/wp-content\/uploads\/2025\/12\/ISKO-212x300.jpg 212w, https:\/\/citcem.org\/wp-content\/uploads\/2025\/12\/ISKO-724x1024.jpg 724w, https:\/\/citcem.org\/wp-content\/uploads\/2025\/12\/ISKO-768x1086.jpg 768w, https:\/\/citcem.org\/wp-content\/uploads\/2025\/12\/ISKO-1086x1536.jpg 1086w, https:\/\/citcem.org\/wp-content\/uploads\/2025\/12\/ISKO-600x849.jpg 600w\" sizes=\"auto, (max-width: 1154px) 100vw, 1154px\" \/><\/p>\n<\/div>\n<\/div>\n<\/div>\n<\/div>\n<\/div>\n","protected":false},"excerpt":{"rendered":"<p>O VII Congresso ISKO Espanha-Portugal \/ XVII Congresso ISKO Espanha decorreu na Faculdade de Letras da Universidade do Porto (Portugal), nos dias 13 e 14 de novembro de 2025 Tema geral:\u00a0Desafios \u00e9ticos na Organiza\u00e7\u00e3o do Conhecimento Temas das sess\u00f5es: Tema 1 \u2013 \u00c9tica na teoria e nas pr\u00e1ticas de Organiza\u00e7\u00e3o do Conhecimento Tema 2 \u2013 [&hellip;]<\/p>\n","protected":false},"author":3,"featured_media":23240,"comment_status":"closed","ping_status":"closed","sticky":false,"template":"","format":"standard","meta":{"footnotes":""},"categories":[242],"tags":[382,437],"ano-noticia":[509],"class_list":["post-23243","post","type-post","status-publish","format-standard","has-post-thumbnail","hentry","category-general","tag-congress","tag-international-congress","ano-noticia-2025-en"],"_links":{"self":[{"href":"https:\/\/citcem.org\/en\/wp-json\/wp\/v2\/posts\/23243","targetHints":{"allow":["GET"]}}],"collection":[{"href":"https:\/\/citcem.org\/en\/wp-json\/wp\/v2\/posts"}],"about":[{"href":"https:\/\/citcem.org\/en\/wp-json\/wp\/v2\/types\/post"}],"author":[{"embeddable":true,"href":"https:\/\/citcem.org\/en\/wp-json\/wp\/v2\/users\/3"}],"replies":[{"embeddable":true,"href":"https:\/\/citcem.org\/en\/wp-json\/wp\/v2\/comments?post=23243"}],"version-history":[{"count":2,"href":"https:\/\/citcem.org\/en\/wp-json\/wp\/v2\/posts\/23243\/revisions"}],"predecessor-version":[{"id":23247,"href":"https:\/\/citcem.org\/en\/wp-json\/wp\/v2\/posts\/23243\/revisions\/23247"}],"wp:featuredmedia":[{"embeddable":true,"href":"https:\/\/citcem.org\/en\/wp-json\/wp\/v2\/media\/23240"}],"wp:attachment":[{"href":"https:\/\/citcem.org\/en\/wp-json\/wp\/v2\/media?parent=23243"}],"wp:term":[{"taxonomy":"category","embeddable":true,"href":"https:\/\/citcem.org\/en\/wp-json\/wp\/v2\/categories?post=23243"},{"taxonomy":"post_tag","embeddable":true,"href":"https:\/\/citcem.org\/en\/wp-json\/wp\/v2\/tags?post=23243"},{"taxonomy":"ano-noticia","embeddable":true,"href":"https:\/\/citcem.org\/en\/wp-json\/wp\/v2\/ano-noticia?post=23243"}],"curies":[{"name":"wp","href":"https:\/\/api.w.org\/{rel}","templated":true}]}}