{"id":23235,"date":"2025-12-04T15:09:04","date_gmt":"2025-12-04T15:09:04","guid":{"rendered":"https:\/\/citcem.org\/premio-joaquim-de-vasconcelos\/"},"modified":"2025-12-04T15:09:04","modified_gmt":"2025-12-04T15:09:04","slug":"premio-joaquim-de-vasconcelos","status":"publish","type":"post","link":"https:\/\/citcem.org\/en\/premio-joaquim-de-vasconcelos\/","title":{"rendered":"Pr\u00e9mio Joaquim de Vasconcelos"},"content":{"rendered":"<p>O pr\u00e9mio Joaquim de Vasconcelos \u00e9 atribu\u00eddo anualmente com o prop\u00f3sito de incentivar a investiga\u00e7\u00e3o em m\u00fasica, distinguindo o melhor trabalho apresentado\u00a0no Encontro de Investiga\u00e7\u00e3o em M\u00fasica (EnIM),\u00a0por um estudante de mestrado ou doutoramento.<\/p>\n<p>O j\u00fari presidido pela Professora Doutora\u00a0Salwa Castelo-Branco decidiu atribuir, por unanimidade, o pr\u00e9mio Joaquim de Vasconcelos 2025, a <em><strong>Ricardo Vilares<\/strong> <\/em>pela sua comunica\u00e7\u00e3o e artigo &#8220;<em>Buitenpartij<\/em> \u2013 an\u00e1lise pl\u00e1stica e iconogr\u00e1fica da tampa do Virginal MNM 0395&#8243;, apresentada na edi\u00e7\u00e3o de 2024, realizada em Faro, salientando a solidez, a originalidade e a robustez do trabalho.<\/p>\n<p>O tema corresponde a um recorte do seu projeto de investiga\u00e7\u00e3o de doutoramento com o t\u00edtulo\u00a0<em>Cordofones de teclado<\/em><em>\u00a0da cole\u00e7\u00e3o do Museu Nacional da M\u00fasica: materialidade, ornamento, fun\u00e7\u00f5es e viv\u00eancias nos s\u00e9culos XVII e XVIII<\/em>, orientado pela Professora Doutora Ana Cristina Sousa e pelo Professor Doutor Rui Vieira Nery.<\/p>\n<p><img loading=\"lazy\" decoding=\"async\" class=\"alignnone wp-image-23232 \" src=\"https:\/\/citcem.org\/wp-content\/uploads\/2025\/12\/ricardo-Villares-scaled.jpg\" alt=\"\" width=\"1001\" height=\"750\" srcset=\"https:\/\/citcem.org\/wp-content\/uploads\/2025\/12\/ricardo-Villares-scaled.jpg 2560w, https:\/\/citcem.org\/wp-content\/uploads\/2025\/12\/ricardo-Villares-300x225.jpg 300w, https:\/\/citcem.org\/wp-content\/uploads\/2025\/12\/ricardo-Villares-1024x768.jpg 1024w, https:\/\/citcem.org\/wp-content\/uploads\/2025\/12\/ricardo-Villares-768x576.jpg 768w, https:\/\/citcem.org\/wp-content\/uploads\/2025\/12\/ricardo-Villares-1536x1152.jpg 1536w, https:\/\/citcem.org\/wp-content\/uploads\/2025\/12\/ricardo-Villares-2048x1536.jpg 2048w, https:\/\/citcem.org\/wp-content\/uploads\/2025\/12\/ricardo-Villares-600x450.jpg 600w\" sizes=\"auto, (max-width: 1001px) 100vw, 1001px\" \/><\/p>\n<p><em>Local e os cr\u00e9ditos fotogr\u00e1ficos:<\/em><br \/>\nConservat\u00f3rio Regional do Algarve \/ Ana Tavares<\/p>\n","protected":false},"excerpt":{"rendered":"<p>O pr\u00e9mio Joaquim de Vasconcelos \u00e9 atribu\u00eddo anualmente com o prop\u00f3sito de incentivar a investiga\u00e7\u00e3o em m\u00fasica, distinguindo o melhor trabalho apresentado\u00a0no Encontro de Investiga\u00e7\u00e3o em M\u00fasica (EnIM),\u00a0por um estudante de mestrado ou doutoramento. O j\u00fari presidido pela Professora Doutora\u00a0Salwa Castelo-Branco decidiu atribuir, por unanimidade, o pr\u00e9mio Joaquim de Vasconcelos 2025, a Ricardo Vilares pela [&hellip;]<\/p>\n","protected":false},"author":3,"featured_media":23233,"comment_status":"closed","ping_status":"closed","sticky":false,"template":"","format":"standard","meta":{"footnotes":""},"categories":[242],"tags":[357],"ano-noticia":[509],"class_list":["post-23235","post","type-post","status-publish","format-standard","has-post-thumbnail","hentry","category-general","tag-prize","ano-noticia-2025-en"],"_links":{"self":[{"href":"https:\/\/citcem.org\/en\/wp-json\/wp\/v2\/posts\/23235","targetHints":{"allow":["GET"]}}],"collection":[{"href":"https:\/\/citcem.org\/en\/wp-json\/wp\/v2\/posts"}],"about":[{"href":"https:\/\/citcem.org\/en\/wp-json\/wp\/v2\/types\/post"}],"author":[{"embeddable":true,"href":"https:\/\/citcem.org\/en\/wp-json\/wp\/v2\/users\/3"}],"replies":[{"embeddable":true,"href":"https:\/\/citcem.org\/en\/wp-json\/wp\/v2\/comments?post=23235"}],"version-history":[{"count":0,"href":"https:\/\/citcem.org\/en\/wp-json\/wp\/v2\/posts\/23235\/revisions"}],"wp:featuredmedia":[{"embeddable":true,"href":"https:\/\/citcem.org\/en\/wp-json\/wp\/v2\/media\/23233"}],"wp:attachment":[{"href":"https:\/\/citcem.org\/en\/wp-json\/wp\/v2\/media?parent=23235"}],"wp:term":[{"taxonomy":"category","embeddable":true,"href":"https:\/\/citcem.org\/en\/wp-json\/wp\/v2\/categories?post=23235"},{"taxonomy":"post_tag","embeddable":true,"href":"https:\/\/citcem.org\/en\/wp-json\/wp\/v2\/tags?post=23235"},{"taxonomy":"ano-noticia","embeddable":true,"href":"https:\/\/citcem.org\/en\/wp-json\/wp\/v2\/ano-noticia?post=23235"}],"curies":[{"name":"wp","href":"https:\/\/api.w.org\/{rel}","templated":true}]}}