{"id":23048,"date":"2025-11-17T17:17:27","date_gmt":"2025-11-17T17:17:27","guid":{"rendered":"https:\/\/citcem.org\/dos-outros-ninguem-sabe-historia-dos-portugueses-ciganos-5\/"},"modified":"2025-11-17T17:17:27","modified_gmt":"2025-11-17T17:17:27","slug":"dos-outros-ninguem-sabe-historia-dos-portugueses-ciganos-5","status":"publish","type":"post","link":"https:\/\/citcem.org\/en\/dos-outros-ninguem-sabe-historia-dos-portugueses-ciganos-5\/","title":{"rendered":"Dos Outros Ningu\u00e9m Sabe: Hist\u00f3ria dos Portugueses Ciganos 5"},"content":{"rendered":"<p>Hist\u00f3ria cigana e justi\u00e7a social &#8211; o que falta fazer?<\/p>\n<p>No quinto epis\u00f3dio do podcast \u201cDos Outros Ningu\u00e9m Sabe: Hist\u00f3ria dos Portugueses Ciganos\u201d, conversamos com Teresa Vieira, soci\u00f3loga, mediadora intercultural e uma voz ativa na defesa dos direitos das comunidades ciganas em Portugal. A conversa abordou a import\u00e2ncia da presen\u00e7a da hist\u00f3ria e da cultura cigana nos curr\u00edculos escolares, a necessidade de produzir refer\u00eancias e valorizar a mem\u00f3ria cigana e as rela\u00e7\u00f5es entre hist\u00f3ria cigana e justi\u00e7a social.<\/p>\n<p>Este podcast \u00e9 uma iniciativa de investigadores\/as da FLUP e do ISCTE, desenvolvida no \u00e2mbito do Estudo Nacional das Comunidades Ciganas (2023.10572.CIG), financiado pela FCT, AIMA e CES.<\/p>\n<p>Link para o epis\u00f3dio: <a href=\"https:\/\/open.spotify.com\/episode\/1cRWdvUOtFnpeeSXHlbhQJ?si=A6GoSFu2StepZ1_qZyOp0w\">https:\/\/open.spotify.com\/episode\/1cRWdvUOtFnpeeSXHlbhQJ?si=A6GoSFu2StepZ1_qZyOp0w<\/a><\/p>\n","protected":false},"excerpt":{"rendered":"<p>Hist\u00f3ria cigana e justi\u00e7a social &#8211; o que falta fazer? No quinto epis\u00f3dio do podcast \u201cDos Outros Ningu\u00e9m Sabe: Hist\u00f3ria dos Portugueses Ciganos\u201d, conversamos com Teresa Vieira, soci\u00f3loga, mediadora intercultural e uma voz ativa na defesa dos direitos das comunidades ciganas em Portugal. A conversa abordou a import\u00e2ncia da presen\u00e7a da hist\u00f3ria e da cultura [&hellip;]<\/p>\n","protected":false},"author":3,"featured_media":23021,"comment_status":"closed","ping_status":"closed","sticky":false,"template":"","format":"standard","meta":{"footnotes":""},"categories":[242],"tags":[513],"ano-noticia":[509],"class_list":["post-23048","post","type-post","status-publish","format-standard","has-post-thumbnail","hentry","category-general","tag-podcast-en","ano-noticia-2025-en"],"_links":{"self":[{"href":"https:\/\/citcem.org\/en\/wp-json\/wp\/v2\/posts\/23048","targetHints":{"allow":["GET"]}}],"collection":[{"href":"https:\/\/citcem.org\/en\/wp-json\/wp\/v2\/posts"}],"about":[{"href":"https:\/\/citcem.org\/en\/wp-json\/wp\/v2\/types\/post"}],"author":[{"embeddable":true,"href":"https:\/\/citcem.org\/en\/wp-json\/wp\/v2\/users\/3"}],"replies":[{"embeddable":true,"href":"https:\/\/citcem.org\/en\/wp-json\/wp\/v2\/comments?post=23048"}],"version-history":[{"count":0,"href":"https:\/\/citcem.org\/en\/wp-json\/wp\/v2\/posts\/23048\/revisions"}],"wp:featuredmedia":[{"embeddable":true,"href":"https:\/\/citcem.org\/en\/wp-json\/wp\/v2\/media\/23021"}],"wp:attachment":[{"href":"https:\/\/citcem.org\/en\/wp-json\/wp\/v2\/media?parent=23048"}],"wp:term":[{"taxonomy":"category","embeddable":true,"href":"https:\/\/citcem.org\/en\/wp-json\/wp\/v2\/categories?post=23048"},{"taxonomy":"post_tag","embeddable":true,"href":"https:\/\/citcem.org\/en\/wp-json\/wp\/v2\/tags?post=23048"},{"taxonomy":"ano-noticia","embeddable":true,"href":"https:\/\/citcem.org\/en\/wp-json\/wp\/v2\/ano-noticia?post=23048"}],"curies":[{"name":"wp","href":"https:\/\/api.w.org\/{rel}","templated":true}]}}