{"id":22443,"date":"2025-09-23T09:19:56","date_gmt":"2025-09-23T09:19:56","guid":{"rendered":"https:\/\/citcem.org\/dos-outros-ninguem-sabe-4\/"},"modified":"2025-09-23T09:25:14","modified_gmt":"2025-09-23T09:25:14","slug":"dos-outros-ninguem-sabe-4","status":"publish","type":"post","link":"https:\/\/citcem.org\/en\/dos-outros-ninguem-sabe-4\/","title":{"rendered":"Dos outros ningu\u00e9m\u00a0sabe &#8211; 4"},"content":{"rendered":"<p><strong>Dos outros ningu\u00e9m\u00a0sabe: hist\u00f3ria d<\/strong><strong>os portugueses ciganos &#8211; 4\u00ba Epis\u00f3dio\u00a0<\/strong><\/p>\n<p><strong>Associativismo cigano\/Roma em Portugal: o que\u00a0mudou\u00a0desde\u00a0a implanta\u00e7\u00e3o\u00a0da\u00a0Democracia?<\/strong><\/p>\n<p>&nbsp;<\/p>\n<p>No quarto epis\u00f3dio do\u00a0Podcast\u00a0&#8220;Dos outros ningu\u00e9m\u00a0sabe: hist\u00f3ria dos portugueses ciganos&#8221;,\u00a0conversamos com Jos\u00e9 Maria Fernandes, fundador da primeira associa\u00e7\u00e3o cigana criada em Portugal: a Associa\u00e7\u00e3o Social, Recreativa e Cultural &#8220;Os Viquingues&#8221;. Fundada em 18 de abril de 1974, uma semana antes do 25 de abril, esta associa\u00e7\u00e3o tem desempenhado um papel fundamental\u00a0na cria\u00e7\u00e3o de coletivos e outras associa\u00e7\u00f5es\u00a0ciganas e na inclus\u00e3o das pessoas ciganas\u00a0 em contexto nacional. Falamos, ainda, sobre o papel do associativismo cigano na atualidade, sem esquecer os desafios que enfrentam no reconhecimento social das pessoas ciganas e\u00a0perante o\u00a0crescimento do anticiganismo em Portugal.<\/p>\n<p>P<em>odcast<\/em> dirigido por investigadores\/as da FLUP, CITCEM e ISCTE, no \u00e2mbito do Estudo Nacional das Comunidades Ciganas (2023.10572.CIG), financiado pela FCT, AIMA e CES.<\/p>\n<p>&nbsp;<\/p>\n<p>Liga\u00e7\u00e3o para o epis\u00f3dio:\u00a0<a href=\"https:\/\/open.spotify.com\/episode\/3Qifp1XU5B6C3gCcU5rzAw?si=219832e6e9954f65\">https:\/\/open.spotify.com\/episode\/3Qifp1XU5B6C3gCcU5rzAw?si=219832e6e9954f65\u00a0<\/a><\/p>\n","protected":false},"excerpt":{"rendered":"<p>Dos outros ningu\u00e9m\u00a0sabe: hist\u00f3ria dos portugueses ciganos &#8211; 4\u00ba Epis\u00f3dio\u00a0 Associativismo cigano\/Roma em Portugal: o que\u00a0mudou\u00a0desde\u00a0a implanta\u00e7\u00e3o\u00a0da\u00a0Democracia? &nbsp; No quarto epis\u00f3dio do\u00a0Podcast\u00a0&#8220;Dos outros ningu\u00e9m\u00a0sabe: hist\u00f3ria dos portugueses ciganos&#8221;,\u00a0conversamos com Jos\u00e9 Maria Fernandes, fundador da primeira associa\u00e7\u00e3o cigana criada em Portugal: a Associa\u00e7\u00e3o Social, Recreativa e Cultural &#8220;Os Viquingues&#8221;. Fundada em 18 de abril de 1974, [&hellip;]<\/p>\n","protected":false},"author":3,"featured_media":22442,"comment_status":"closed","ping_status":"closed","sticky":false,"template":"","format":"standard","meta":{"footnotes":""},"categories":[242],"tags":[513],"ano-noticia":[509],"class_list":["post-22443","post","type-post","status-publish","format-standard","has-post-thumbnail","hentry","category-general","tag-podcast-en","ano-noticia-2025-en"],"_links":{"self":[{"href":"https:\/\/citcem.org\/en\/wp-json\/wp\/v2\/posts\/22443","targetHints":{"allow":["GET"]}}],"collection":[{"href":"https:\/\/citcem.org\/en\/wp-json\/wp\/v2\/posts"}],"about":[{"href":"https:\/\/citcem.org\/en\/wp-json\/wp\/v2\/types\/post"}],"author":[{"embeddable":true,"href":"https:\/\/citcem.org\/en\/wp-json\/wp\/v2\/users\/3"}],"replies":[{"embeddable":true,"href":"https:\/\/citcem.org\/en\/wp-json\/wp\/v2\/comments?post=22443"}],"version-history":[{"count":2,"href":"https:\/\/citcem.org\/en\/wp-json\/wp\/v2\/posts\/22443\/revisions"}],"predecessor-version":[{"id":22447,"href":"https:\/\/citcem.org\/en\/wp-json\/wp\/v2\/posts\/22443\/revisions\/22447"}],"wp:featuredmedia":[{"embeddable":true,"href":"https:\/\/citcem.org\/en\/wp-json\/wp\/v2\/media\/22442"}],"wp:attachment":[{"href":"https:\/\/citcem.org\/en\/wp-json\/wp\/v2\/media?parent=22443"}],"wp:term":[{"taxonomy":"category","embeddable":true,"href":"https:\/\/citcem.org\/en\/wp-json\/wp\/v2\/categories?post=22443"},{"taxonomy":"post_tag","embeddable":true,"href":"https:\/\/citcem.org\/en\/wp-json\/wp\/v2\/tags?post=22443"},{"taxonomy":"ano-noticia","embeddable":true,"href":"https:\/\/citcem.org\/en\/wp-json\/wp\/v2\/ano-noticia?post=22443"}],"curies":[{"name":"wp","href":"https:\/\/api.w.org\/{rel}","templated":true}]}}