{"id":22423,"date":"2025-09-19T16:25:11","date_gmt":"2025-09-19T16:25:11","guid":{"rendered":"https:\/\/citcem.org\/exposicao-caminha-vista-pelos-estrangeiros-livros-de-propaganda-de-viagem-publicados-no-estrangeiro-entre-1820-1974\/"},"modified":"2025-09-24T10:07:47","modified_gmt":"2025-09-24T10:07:47","slug":"exposicao-caminha-vista-pelos-estrangeiros-livros-de-propaganda-de-viagem-publicados-no-estrangeiro-entre-1820-1974","status":"publish","type":"post","link":"https:\/\/citcem.org\/en\/exposicao-caminha-vista-pelos-estrangeiros-livros-de-propaganda-de-viagem-publicados-no-estrangeiro-entre-1820-1974\/","title":{"rendered":"Exposi\u00e7\u00e3o &#8220;Caminha Vista pelos Estrangeiros \u2013 Livros de propaganda de viagem publicados no estrangeiro entre 1820-1974&#8221;"},"content":{"rendered":"<p><strong>A exposi\u00e7\u00e3o Caminha Vista pelos Estrangeiros \u2013 Livros de propaganda de viagem publicados no estrangeiro entre 1820-1974 resgata esse esp\u00f3lio esquecido e apresenta-o ao p\u00fablico, no Museu Municipal de Caminha, de 6 de setembro a 24 de outubro.<\/strong><\/p>\n<p>&nbsp;<\/p>\n<p><span style=\"font-size: 12.0pt; color: black;\">Entre 1820 e 1974, dezenas de viajantes estrangeiros escreveram sobre Caminha, fixando em livros de viagem &#8211; publicados em Paris, Londres, Leipzig, Nova Iorque, Madrid, entre outras cidades &#8211; as suas impress\u00f5es sobre este pequeno, mas aut\u00eantico, concelho do Alto Minho. <\/span><\/p>\n<p><span style=\"font-size: 12.0pt; color: black;\">Muitas dessas obras foram criadas no contexto de campanhas militares ou, mais tarde, de propaganda de viagem, integrando um universo crescente de\u00a0<i>travel books<\/i>\u00a0que promoviam a imagem de uma Europa visit\u00e1vel, pitoresca e, em certos momentos da Hist\u00f3ria, segura. A exposi\u00e7\u00e3o\u00a0<i>Caminha Vista pelos Estrangeiros<\/i>\u00a0recupera esse esp\u00f3lio esquecido e apresenta-o ao p\u00fablico num percurso visual e textual onde se cruzam olhares brit\u00e2nicos, franceses, alem\u00e3es, espanh\u00f3is, norte-americanos, entre outros, sobre a paisagem, os costumes, a gastronomia, a arquitetura e o povo caminhense. A fonte documental, proveniente de uma cole\u00e7\u00e3o particular com cerca de dois mil livros, da Torre do Tombo, da Biblioteca Municipal do Porto e de fundos digitais como os da UNESCO, permite revisitar a g\u00e9nese de uma mem\u00f3ria tur\u00edstica projetada do exterior para dentro, assente nas mundivid\u00eancias dos viajantes, mas tamb\u00e9m em registos \u00fanicos sobre a hist\u00f3ria local&#8221;.<\/span><\/p>\n<p>A iniciativa conta com a curadoria de dois docentes e investigadores do CITCEM, Vasco Ribeiro e Elisa Cerveira, que t\u00eam vindo a desenvolver investiga\u00e7\u00e3o sobre propaganda de viagem e hist\u00f3ria da promo\u00e7\u00e3o tur\u00edstica de Portugal.<\/p>\n<p><strong><a href=\"https:\/\/auroradolima.com\/exposicao-abre-no-dia-6-de-setembro-no-museu-municipal-de-caminha\/\"><span style=\"color: #0000ff;\">Ler mais<\/span><\/a><\/strong><\/p>\n","protected":false},"excerpt":{"rendered":"<p>A exposi\u00e7\u00e3o Caminha Vista pelos Estrangeiros \u2013 Livros de propaganda de viagem publicados no estrangeiro entre 1820-1974 resgata esse esp\u00f3lio esquecido e apresenta-o ao p\u00fablico, no Museu Municipal de Caminha, de 6 de setembro a 24 de outubro. &nbsp; Entre 1820 e 1974, dezenas de viajantes estrangeiros escreveram sobre Caminha, fixando em livros de viagem [&hellip;]<\/p>\n","protected":false},"author":3,"featured_media":22426,"comment_status":"closed","ping_status":"closed","sticky":false,"template":"","format":"standard","meta":{"footnotes":""},"categories":[242],"tags":[516],"ano-noticia":[509],"class_list":["post-22423","post","type-post","status-publish","format-standard","has-post-thumbnail","hentry","category-general","tag-exposicao-en","ano-noticia-2025-en"],"_links":{"self":[{"href":"https:\/\/citcem.org\/en\/wp-json\/wp\/v2\/posts\/22423","targetHints":{"allow":["GET"]}}],"collection":[{"href":"https:\/\/citcem.org\/en\/wp-json\/wp\/v2\/posts"}],"about":[{"href":"https:\/\/citcem.org\/en\/wp-json\/wp\/v2\/types\/post"}],"author":[{"embeddable":true,"href":"https:\/\/citcem.org\/en\/wp-json\/wp\/v2\/users\/3"}],"replies":[{"embeddable":true,"href":"https:\/\/citcem.org\/en\/wp-json\/wp\/v2\/comments?post=22423"}],"version-history":[{"count":2,"href":"https:\/\/citcem.org\/en\/wp-json\/wp\/v2\/posts\/22423\/revisions"}],"predecessor-version":[{"id":22457,"href":"https:\/\/citcem.org\/en\/wp-json\/wp\/v2\/posts\/22423\/revisions\/22457"}],"wp:featuredmedia":[{"embeddable":true,"href":"https:\/\/citcem.org\/en\/wp-json\/wp\/v2\/media\/22426"}],"wp:attachment":[{"href":"https:\/\/citcem.org\/en\/wp-json\/wp\/v2\/media?parent=22423"}],"wp:term":[{"taxonomy":"category","embeddable":true,"href":"https:\/\/citcem.org\/en\/wp-json\/wp\/v2\/categories?post=22423"},{"taxonomy":"post_tag","embeddable":true,"href":"https:\/\/citcem.org\/en\/wp-json\/wp\/v2\/tags?post=22423"},{"taxonomy":"ano-noticia","embeddable":true,"href":"https:\/\/citcem.org\/en\/wp-json\/wp\/v2\/ano-noticia?post=22423"}],"curies":[{"name":"wp","href":"https:\/\/api.w.org\/{rel}","templated":true}]}}