{"id":21244,"date":"2025-05-17T11:23:11","date_gmt":"2025-05-17T11:23:11","guid":{"rendered":"https:\/\/citcem.org\/semana-de-museologia-12-16-maio-2025\/"},"modified":"2025-06-04T11:23:51","modified_gmt":"2025-06-04T11:23:51","slug":"semana-de-museologia-12-16-maio-2025","status":"publish","type":"post","link":"https:\/\/citcem.org\/en\/semana-de-museologia-12-16-maio-2025\/","title":{"rendered":"Semana de Museologia 12-16 maio 2025"},"content":{"rendered":"<p>O futuro dos Museus em Comunidades em r\u00e1pida Transforma\u00e7\u00e3o<\/p>\n<p>Patrim\u00f3nio Imaterial, Juventude e Novas Tecnologias<\/p>\n<p><a href=\"https:\/\/semanademuseologia.carrd.co\/\"><strong>Programa geral<\/strong><\/a><\/p>\n<p><strong>12 de maio &#8211; <\/strong>Painel + Mesa-Redonda (10:00-13:30)<br \/>\nMuseus para o s\u00e9culo XXI: Patrim\u00f3nio Imaterial, Novas Tecnologias e Juventude<br \/>\ncom Alexandre Matos, Patr\u00edcia Remelgado, B\u00e1rbara Andrez e Angela Barrera Garcia<br \/>\nSala do DCTP, FLUP<\/p>\n<p><strong>13 de maio &#8211; <\/strong>Inaugura\u00e7\u00e3o da exposi\u00e7\u00e3o (17:00)<br \/>\nVozes P\u00e9treas<br \/>\nExposi\u00e7\u00e3o realizada pelos estudantes do 1\u00ba ano do Mestrado em Museologia<br \/>\nMuseu Nacional Soares dos Reis<\/p>\n<p><strong>14 de maio &#8211; <\/strong>Visita T\u00e9cnica (08:30-12:00)<br \/>\nMuseu da Chapelaria<br \/>\ncom T\u00e2nia Reis<br \/>\nAutocarro gratuito, com partida \u00e0s 08:30, na FLUP<\/p>\n<p>Visita Orientada (14:00\u201317:00)<br \/>\nPara Al\u00e9m do Roteiro Tur\u00edstico: Novas Perspetivas sobre a Arte Urbana e o seu di\u00e1logo com a Hist\u00f3ria da Arte<br \/>\ncom Tiago Sousa<br \/>\nPonto de encontro e de t\u00e9rmino na FLUP<\/p>\n<p><strong>15 de maio &#8211; <\/strong>Workshop (11:00- 12:30)<br \/>\nReimaginar um jovem futuro museu<br \/>\ncom Ana Cec\u00edlia Azevedo<br \/>\nReservat\u00f3rio, Museu do Porto<\/p>\n<p>Visita orientada (14:30- 15:30)<br \/>\nExposi\u00e7\u00e3o Primeira Forma<br \/>\nGaleria Municipal do Porto<\/p>\n<p><strong>16 de maio &#8211; <\/strong>Palestra + Oficina (10:00\u201313:30)<br \/>\nO Plano Nacional das Artes: Adenda \u00e0 Carta de Porto Santo pelos Jovens<br \/>\ncom Sara Barriga Brighenti<br \/>\nencerramento da Semana de Museologia com a atua\u00e7\u00e3o do Grupo de Fado Literatus<br \/>\nSala do DCTP, FLUP<\/p>\n<p>&nbsp;<\/p>\n<h2 id=\"text01\"><a href=\"https:\/\/semanademuseologiainscricoes.carrd.co\/\">Links Formul\u00e1rios de inscri\u00e7\u00e3o<\/a><\/h2>\n","protected":false},"excerpt":{"rendered":"<p>O futuro dos Museus em Comunidades em r\u00e1pida Transforma\u00e7\u00e3o Patrim\u00f3nio Imaterial, Juventude e Novas Tecnologias Programa geral 12 de maio &#8211; Painel + Mesa-Redonda (10:00-13:30) Museus para o s\u00e9culo XXI: Patrim\u00f3nio Imaterial, Novas Tecnologias e Juventude com Alexandre Matos, Patr\u00edcia Remelgado, B\u00e1rbara Andrez e Angela Barrera Garcia Sala do DCTP, FLUP 13 de maio &#8211; [&hellip;]<\/p>\n","protected":false},"author":3,"featured_media":21033,"comment_status":"closed","ping_status":"closed","sticky":false,"template":"","format":"standard","meta":{"footnotes":""},"categories":[242],"tags":[340],"ano-noticia":[509],"class_list":["post-21244","post","type-post","status-publish","format-standard","has-post-thumbnail","hentry","category-general","tag-conference","ano-noticia-2025-en"],"_links":{"self":[{"href":"https:\/\/citcem.org\/en\/wp-json\/wp\/v2\/posts\/21244","targetHints":{"allow":["GET"]}}],"collection":[{"href":"https:\/\/citcem.org\/en\/wp-json\/wp\/v2\/posts"}],"about":[{"href":"https:\/\/citcem.org\/en\/wp-json\/wp\/v2\/types\/post"}],"author":[{"embeddable":true,"href":"https:\/\/citcem.org\/en\/wp-json\/wp\/v2\/users\/3"}],"replies":[{"embeddable":true,"href":"https:\/\/citcem.org\/en\/wp-json\/wp\/v2\/comments?post=21244"}],"version-history":[{"count":0,"href":"https:\/\/citcem.org\/en\/wp-json\/wp\/v2\/posts\/21244\/revisions"}],"wp:featuredmedia":[{"embeddable":true,"href":"https:\/\/citcem.org\/en\/wp-json\/wp\/v2\/media\/21033"}],"wp:attachment":[{"href":"https:\/\/citcem.org\/en\/wp-json\/wp\/v2\/media?parent=21244"}],"wp:term":[{"taxonomy":"category","embeddable":true,"href":"https:\/\/citcem.org\/en\/wp-json\/wp\/v2\/categories?post=21244"},{"taxonomy":"post_tag","embeddable":true,"href":"https:\/\/citcem.org\/en\/wp-json\/wp\/v2\/tags?post=21244"},{"taxonomy":"ano-noticia","embeddable":true,"href":"https:\/\/citcem.org\/en\/wp-json\/wp\/v2\/ano-noticia?post=21244"}],"curies":[{"name":"wp","href":"https:\/\/api.w.org\/{rel}","templated":true}]}}