{"id":20635,"date":"2025-03-26T12:10:08","date_gmt":"2025-03-26T12:10:08","guid":{"rendered":"https:\/\/citcem.org\/barbara-andrez-best-paper\/"},"modified":"2025-03-26T12:50:09","modified_gmt":"2025-03-26T12:50:09","slug":"barbara-andrez-best-paper","status":"publish","type":"post","link":"https:\/\/citcem.org\/en\/barbara-andrez-best-paper\/","title":{"rendered":"B\u00e1rbara Andrez premiada com &#8220;Best Paper&#8221; na 5th EAI-TIE, na Universidade de Cambridge"},"content":{"rendered":"<p>B\u00e1rbara Andrez, estudante e bolseira FCT do programa doutoral em Informa\u00e7\u00e3o e Comunica\u00e7\u00e3o em Plataformas Digitais na FLUP,\u00a0sob a orienta\u00e7\u00e3o das Professoras Doutoras Maria Manuela Pinto e Paula Menino Homem, v\u00ea a sua apresenta\u00e7\u00e3o distinguida com o pr\u00e9mio\u00a0&#8220;Best Paper&#8221;\u00a0na\u00a05th EAI International Conference on Technology, Innovation, Entrepreneurship and Education (<a href=\"https:\/\/educateinnovate.eai-conferences.org\/2025\/\">https:\/\/educateinnovate.eai-conferences.org\/2025\/<\/a>), realizada no passado dia 17 de mar\u00e7o na Universidade de Cambridge, no Magdalene College, Reino Unido.<\/p>\n<p><img loading=\"lazy\" decoding=\"async\" class=\"alignnone wp-image-20630\" src=\"https:\/\/citcem.org\/wp-content\/uploads\/2025\/03\/Fig.-1-693x1024.jpg\" alt=\"\" width=\"363\" height=\"536\" srcset=\"https:\/\/citcem.org\/wp-content\/uploads\/2025\/03\/Fig.-1-693x1024.jpg 693w, https:\/\/citcem.org\/wp-content\/uploads\/2025\/03\/Fig.-1-203x300.jpg 203w, https:\/\/citcem.org\/wp-content\/uploads\/2025\/03\/Fig.-1-768x1135.jpg 768w, https:\/\/citcem.org\/wp-content\/uploads\/2025\/03\/Fig.-1-1040x1536.jpg 1040w, https:\/\/citcem.org\/wp-content\/uploads\/2025\/03\/Fig.-1-600x887.jpg 600w, https:\/\/citcem.org\/wp-content\/uploads\/2025\/03\/Fig.-1.jpg 1386w\" sizes=\"auto, (max-width: 363px) 100vw, 363px\" \/>\u00a0<img loading=\"lazy\" decoding=\"async\" class=\"alignnone wp-image-20632\" src=\"https:\/\/citcem.org\/wp-content\/uploads\/2025\/03\/Fig.-2-1024x683.jpg\" alt=\"\" width=\"805\" height=\"537\" srcset=\"https:\/\/citcem.org\/wp-content\/uploads\/2025\/03\/Fig.-2-1024x683.jpg 1024w, https:\/\/citcem.org\/wp-content\/uploads\/2025\/03\/Fig.-2-300x200.jpg 300w, https:\/\/citcem.org\/wp-content\/uploads\/2025\/03\/Fig.-2-768x512.jpg 768w, https:\/\/citcem.org\/wp-content\/uploads\/2025\/03\/Fig.-2-1536x1024.jpg 1536w, https:\/\/citcem.org\/wp-content\/uploads\/2025\/03\/Fig.-2-2048x1366.jpg 2048w, https:\/\/citcem.org\/wp-content\/uploads\/2025\/03\/Fig.-2-600x400.jpg 600w\" sizes=\"auto, (max-width: 805px) 100vw, 805px\" \/><\/p>\n<p>A distin\u00e7\u00e3o reconhece a investiga\u00e7\u00e3o que esta equipa tem vindo a desenvolver no \u00e2mbito\u00a0da preserva\u00e7\u00e3o e frui\u00e7\u00e3o do patrim\u00f3nio cultural em museus recorrendo a t\u00e9cnicas de gamifica\u00e7\u00e3o para educa\u00e7\u00e3o n\u00e3o formal de jovens. Enquadrada no CITCEM, a equipa agrega membros do grupo de investiga\u00e7\u00e3o Informa\u00e7\u00e3o, Comunica\u00e7\u00e3o e Cultura Digital e do grupo Educa\u00e7\u00e3o e Desafios Societais.<\/p>\n<p><img loading=\"lazy\" decoding=\"async\" class=\"wp-image-20628 alignleft\" src=\"https:\/\/citcem.org\/wp-content\/uploads\/2025\/03\/Fig.-3-1024x768.jpg\" alt=\"\" width=\"766\" height=\"574\" srcset=\"https:\/\/citcem.org\/wp-content\/uploads\/2025\/03\/Fig.-3-1024x768.jpg 1024w, https:\/\/citcem.org\/wp-content\/uploads\/2025\/03\/Fig.-3-300x225.jpg 300w, https:\/\/citcem.org\/wp-content\/uploads\/2025\/03\/Fig.-3-768x576.jpg 768w, https:\/\/citcem.org\/wp-content\/uploads\/2025\/03\/Fig.-3-600x450.jpg 600w, https:\/\/citcem.org\/wp-content\/uploads\/2025\/03\/Fig.-3.jpg 1200w\" sizes=\"auto, (max-width: 766px) 100vw, 766px\" \/><\/p>\n<p>&nbsp;<\/p>\n<p>Um merecido pr\u00e9mio para a\u00a0B\u00e1rbara Andrez, cujo percurso acad\u00e9mico de investiga\u00e7\u00e3o, na FLUP, iniciado no mestrado em Museologia, tem sido acompanhado pela incurs\u00e3o e diversas conquistas na \u00e1rea do empreendedorismo, da inova\u00e7\u00e3o e das ind\u00fastrias criativas. Entre elas, destaca-se a sele\u00e7\u00e3o para uma forma\u00e7\u00e3o da\u00a0EUGLOH\u00a0&#8220;Academic Entrepreneurship&#8221;, que visa preparar estudantes de doutoramento\u00a0para o empreendedorismo e lhe permitiu representar a Universidade do Porto na\u00a0UiT The Arctic University of Norway (<a href=\"https:\/\/en.uit.no\/nyheter\/artikkel\/kortnytt?p_document_id=849192&amp;fbclid=IwY2xjawJOHtFleHRuA2FlbQIxMQABHfP3ArjqqDEBUYTqxmnrdrAHwRnQ29HQxeZU2_IeFSBLilhswwP-rIjJVA_aem_6BXRdasLfjFzIRSVbk1APw\">https:\/\/en.uit.no\/nyheter\/artikkel\/kortnytt?p_document_id=849192&amp;fbclid=IwY2xjawJOHtFleHRuA2FlbQIxMQABHfP3ArjqqDEBUYTqxmnrdrAHwRnQ29HQxeZU2_IeFSBLilhswwP-rIjJVA_aem_6BXRdasLfjFzIRSVbk1APw<\/a>), em Troms\u00f8 em 2024.<\/p>\n<p><img loading=\"lazy\" decoding=\"async\" class=\"size-full wp-image-20626 alignleft\" src=\"https:\/\/citcem.org\/wp-content\/uploads\/2025\/03\/Fig.-4-002.jpg\" alt=\"\" width=\"768\" height=\"512\" srcset=\"https:\/\/citcem.org\/wp-content\/uploads\/2025\/03\/Fig.-4-002.jpg 768w, https:\/\/citcem.org\/wp-content\/uploads\/2025\/03\/Fig.-4-002-300x200.jpg 300w, https:\/\/citcem.org\/wp-content\/uploads\/2025\/03\/Fig.-4-002-600x400.jpg 600w\" sizes=\"auto, (max-width: 768px) 100vw, 768px\" \/><\/p>\n<p>&nbsp;<\/p>\n<p>&nbsp;<\/p>\n<p>Mais recentemente, em janeiro deste ano, obteve uma bolsa para participar na 12\u00aa edi\u00e7\u00e3o da UPTEC School of Startups, onde desenvolveu o Layout Games, um projeto inovador resultante da sua investiga\u00e7\u00e3o e que envolve\u00a0um cruzamento tecnol\u00f3gico personalizado que re\u00fane mecanismos espec\u00edficos de gamifica\u00e7\u00e3o direcionados exclusivamente para institui\u00e7\u00f5es museol\u00f3gicas, vindo a integrar o grupo de finalistas da referida edi\u00e7\u00e3o (<a href=\"https:\/\/investporto.pt\/en\/events\/uptec-school-of-startups-pitch-day\/\">https:\/\/investporto.pt\/en\/events\/uptec-school-of-startups-pitch-day\/<\/a>)<\/p>\n","protected":false},"excerpt":{"rendered":"<p>B\u00e1rbara Andrez, estudante e bolseira FCT do programa doutoral em Informa\u00e7\u00e3o e Comunica\u00e7\u00e3o em Plataformas Digitais na FLUP,\u00a0sob a orienta\u00e7\u00e3o das Professoras Doutoras Maria Manuela Pinto e Paula Menino Homem, v\u00ea a sua apresenta\u00e7\u00e3o distinguida com o pr\u00e9mio\u00a0&#8220;Best Paper&#8221;\u00a0na\u00a05th EAI International Conference on Technology, Innovation, Entrepreneurship and Education (https:\/\/educateinnovate.eai-conferences.org\/2025\/), realizada no passado dia 17 de [&hellip;]<\/p>\n","protected":false},"author":3,"featured_media":20629,"comment_status":"closed","ping_status":"closed","sticky":false,"template":"","format":"standard","meta":{"footnotes":""},"categories":[242],"tags":[357],"ano-noticia":[509],"class_list":["post-20635","post","type-post","status-publish","format-standard","has-post-thumbnail","hentry","category-general","tag-prize","ano-noticia-2025-en"],"_links":{"self":[{"href":"https:\/\/citcem.org\/en\/wp-json\/wp\/v2\/posts\/20635","targetHints":{"allow":["GET"]}}],"collection":[{"href":"https:\/\/citcem.org\/en\/wp-json\/wp\/v2\/posts"}],"about":[{"href":"https:\/\/citcem.org\/en\/wp-json\/wp\/v2\/types\/post"}],"author":[{"embeddable":true,"href":"https:\/\/citcem.org\/en\/wp-json\/wp\/v2\/users\/3"}],"replies":[{"embeddable":true,"href":"https:\/\/citcem.org\/en\/wp-json\/wp\/v2\/comments?post=20635"}],"version-history":[{"count":0,"href":"https:\/\/citcem.org\/en\/wp-json\/wp\/v2\/posts\/20635\/revisions"}],"wp:featuredmedia":[{"embeddable":true,"href":"https:\/\/citcem.org\/en\/wp-json\/wp\/v2\/media\/20629"}],"wp:attachment":[{"href":"https:\/\/citcem.org\/en\/wp-json\/wp\/v2\/media?parent=20635"}],"wp:term":[{"taxonomy":"category","embeddable":true,"href":"https:\/\/citcem.org\/en\/wp-json\/wp\/v2\/categories?post=20635"},{"taxonomy":"post_tag","embeddable":true,"href":"https:\/\/citcem.org\/en\/wp-json\/wp\/v2\/tags?post=20635"},{"taxonomy":"ano-noticia","embeddable":true,"href":"https:\/\/citcem.org\/en\/wp-json\/wp\/v2\/ano-noticia?post=20635"}],"curies":[{"name":"wp","href":"https:\/\/api.w.org\/{rel}","templated":true}]}}