{"id":16660,"date":"2024-04-06T09:10:54","date_gmt":"2024-04-06T09:10:54","guid":{"rendered":"https:\/\/citcem.org\/visita-da-prof-teresa-da-silva-lopes-ao-citcem\/"},"modified":"2024-06-06T09:19:00","modified_gmt":"2024-06-06T09:19:00","slug":"visita-da-prof-teresa-da-silva-lopes-ao-citcem","status":"publish","type":"post","link":"https:\/\/citcem.org\/en\/visita-da-prof-teresa-da-silva-lopes-ao-citcem\/","title":{"rendered":"VISITA DA PROF. TERESA DA SILVA LOPES AO CITCEM"},"content":{"rendered":"<p><b>PLANO DE VISITA DA PROF. TERESA DA SILVA LOPES AO CITCEM<\/b><\/p>\n<p><b>15 DE JULHO DE 2024<\/b><\/p>\n<p>&nbsp;<\/p>\n<p><b>15\/07, manh\u00e3:<\/b><\/p>\n<p><b>1 <\/b><span style=\"font-weight: 400;\">\u2013 Reuni\u00e3o com a Comiss\u00e3o Executiva do CITCEM<\/span><\/p>\n<p><i><span style=\"font-weight: 400;\">Ordem de trabalhos:<\/span><\/i><\/p>\n<p><span style=\"font-weight: 400;\">&#8211; Projecto Estrat\u00e9gico do CITCEM<\/span><\/p>\n<p>&nbsp;<\/p>\n<p><b>15\/07, tarde:<\/b><\/p>\n<p><b>2 <\/b><span style=\"font-weight: 400;\">\u2013 Reuni\u00e3o com o grupo \u201cPessoas, Mercados &amp; Pol\u00edticas\u201d<\/span><\/p>\n<p><i><span style=\"font-weight: 400;\">Ordem de Trabalhos:<\/span><\/i><\/p>\n<p><span style=\"font-weight: 400;\">&#8211; apresenta\u00e7\u00e3o do GI<\/span><\/p>\n<p><span style=\"font-weight: 400;\">&#8211; debate sobre objectivos e linhas orientadoras da investiga\u00e7\u00e3o no \u00e2mbito do GI<\/span><\/p>\n<p>&nbsp;<\/p>\n<p><b>3 <\/b><span style=\"font-weight: 400;\">\u2013 Reuni\u00e3o com a equipa do projecto \u201cMarcas e Denomina\u00e7\u00f5es de Origem\u201d<\/span><\/p>\n<p><i><span style=\"font-weight: 400;\">Ordem de Trabalhos:<\/span><\/i><\/p>\n<p><span style=\"font-weight: 400;\">&#8211; apresenta\u00e7\u00e3o do projecto;<\/span><\/p>\n<p><span style=\"font-weight: 400;\">&#8211; debate sobre o trabalho realizado<\/span><\/p>\n","protected":false},"excerpt":{"rendered":"<p>PLANO DE VISITA DA PROF. TERESA DA SILVA LOPES AO CITCEM 15 DE JULHO DE 2024 &nbsp; 15\/07, manh\u00e3: 1 \u2013 Reuni\u00e3o com a Comiss\u00e3o Executiva do CITCEM Ordem de trabalhos: &#8211; Projecto Estrat\u00e9gico do CITCEM &nbsp; 15\/07, tarde: 2 \u2013 Reuni\u00e3o com o grupo \u201cPessoas, Mercados &amp; Pol\u00edticas\u201d Ordem de Trabalhos: &#8211; apresenta\u00e7\u00e3o do [&hellip;]<\/p>\n","protected":false},"author":3,"featured_media":0,"comment_status":"closed","ping_status":"closed","sticky":false,"template":"","format":"standard","meta":{"footnotes":""},"categories":[242],"tags":[422],"ano-noticia":[414],"class_list":["post-16660","post","type-post","status-publish","format-standard","hentry","category-general","tag-project","ano-noticia-2024-en"],"_links":{"self":[{"href":"https:\/\/citcem.org\/en\/wp-json\/wp\/v2\/posts\/16660","targetHints":{"allow":["GET"]}}],"collection":[{"href":"https:\/\/citcem.org\/en\/wp-json\/wp\/v2\/posts"}],"about":[{"href":"https:\/\/citcem.org\/en\/wp-json\/wp\/v2\/types\/post"}],"author":[{"embeddable":true,"href":"https:\/\/citcem.org\/en\/wp-json\/wp\/v2\/users\/3"}],"replies":[{"embeddable":true,"href":"https:\/\/citcem.org\/en\/wp-json\/wp\/v2\/comments?post=16660"}],"version-history":[{"count":0,"href":"https:\/\/citcem.org\/en\/wp-json\/wp\/v2\/posts\/16660\/revisions"}],"wp:attachment":[{"href":"https:\/\/citcem.org\/en\/wp-json\/wp\/v2\/media?parent=16660"}],"wp:term":[{"taxonomy":"category","embeddable":true,"href":"https:\/\/citcem.org\/en\/wp-json\/wp\/v2\/categories?post=16660"},{"taxonomy":"post_tag","embeddable":true,"href":"https:\/\/citcem.org\/en\/wp-json\/wp\/v2\/tags?post=16660"},{"taxonomy":"ano-noticia","embeddable":true,"href":"https:\/\/citcem.org\/en\/wp-json\/wp\/v2\/ano-noticia?post=16660"}],"curies":[{"name":"wp","href":"https:\/\/api.w.org\/{rel}","templated":true}]}}