{"id":15900,"date":"2024-04-30T09:30:51","date_gmt":"2024-04-30T09:30:51","guid":{"rendered":"https:\/\/citcem.org\/i-encontro-internacional-patrimonio-cultural-e-direitos-humanos\/"},"modified":"2024-04-30T09:58:58","modified_gmt":"2024-04-30T09:58:58","slug":"i-encontro-internacional-patrimonio-cultural-e-direitos-humanos","status":"publish","type":"post","link":"https:\/\/citcem.org\/en\/i-encontro-internacional-patrimonio-cultural-e-direitos-humanos\/","title":{"rendered":"I Encontro Internacional Patrim\u00f3nio Cultural e Direitos Humanos"},"content":{"rendered":"<p>A Comiss\u00e3o Executiva do <strong><em>I Encontro Internacional Patrim\u00f3nio Cultural e Direitos Humanos<\/em><\/strong> convida a comunidade acad\u00e9mica, o setor patrimonial e a sociedade civil a participarem no evento, que acontecer\u00e1 nos dias <strong>5 e 6 de junho de 2024<\/strong>, no Anfiteatro Nobre da <strong>Faculdade de Letras da Universidade do Porto <\/strong>(FLUP).<\/p>\n<p>O encontro \u00e9 organizado no \u00e2mbito do projeto de Doutoramento em Estudos do Patrim\u00f3nio, da especializa\u00e7\u00e3o em Hist\u00f3ria da Arte, de In\u00eas de Carvalho Costa, Bolseira da Funda\u00e7\u00e3o para a Ci\u00eancia e a Tecnologia (FCT 2021.07318.BD; <a href=\"https:\/\/doi.org\/10.54499\/2021.07318.BD\">https:\/\/doi.org\/10.54499\/2021.07318.BD<\/a>), contando com o apoio do Centro de Investiga\u00e7\u00e3o Transdisciplinar \u00abCultura, Espa\u00e7o e Mem\u00f3ria\u00bb\u00a0 (CITCEM, Porto, Portugal), da Reitoria da Universidade do Porto e do Laborat\u00f3rio de Patrim\u00f4nios Culturais da Universidade Federal de Juiz de Fora (LAPA\/UFJF, Minas Gerais, Brasil), gra\u00e7as \u00e0 orienta\u00e7\u00e3o cient\u00edfica da Professora Doutora Maria Leonor Botelho (CITCEM-FLUP\/DCTP) e do Professor Doutor Rodrigo Christofoletti (LAPA\/UFJF).<\/p>\n<p>O encontro \u00e9 pensado num contexto em que o Patrim\u00f3nio Cultural ganha visibilidade como ferramenta e\/ou processo para a defesa, promo\u00e7\u00e3o e desenvolvimento dos Direitos Humanos, mas em que este tamb\u00e9m \u00e9 reconhecido como um poss\u00edvel instrumento para a sua limita\u00e7\u00e3o, impedimento ou viola\u00e7\u00e3o. Atrav\u00e9s de um programa que une atores do patrim\u00f3nio, investigadores, agentes das rela\u00e7\u00f5es internacionais e membros da sociedade civil, o evento prop\u00f5e discutir o tema, a sua pertin\u00eancia e emerg\u00eancia no panorama internacional contempor\u00e2neo.<\/p>\n<p>Dada a natureza multidisciplinar e atual do tema em an\u00e1lise, convidam-se estudantes, investigadores, atores do patrim\u00f3nio e membros da sociedade civil a participarem do evento. Para tal, as pessoas interessadas, devem <strong>inscrever-se<\/strong> at\u00e9 ao dia 27 de maio de 2024 (na modalidade com almo\u00e7o) ou at\u00e9 ao dia 1 de junho de 2024 (na modalidade sem almo\u00e7o), atrav\u00e9s do seguinte <strong>link<\/strong>: <a href=\"https:\/\/encontropcdh2024.wixsite.com\/encontro-patrim-nio\">https:\/\/encontropcdh2024.wixsite.com\/encontro-patrim-nio<\/a>.<\/p>\n<p>&nbsp;<\/p>\n<p>O Comit\u00e9 Executivo agradece, desde logo, o interesse demonstrado pelo evento e encontra-se dispon\u00edvel para qualquer esclarecimento adicional atrav\u00e9s do email oficial do evento: <a href=\"mailto:encontropcdh2024@gmail.com\">encontropcdh2024@gmail.com<\/a>.<\/p>\n","protected":false},"excerpt":{"rendered":"<p>A Comiss\u00e3o Executiva do I Encontro Internacional Patrim\u00f3nio Cultural e Direitos Humanos convida a comunidade acad\u00e9mica, o setor patrimonial e a sociedade civil a participarem no evento, que acontecer\u00e1 nos dias 5 e 6 de junho de 2024, no Anfiteatro Nobre da Faculdade de Letras da Universidade do Porto (FLUP). O encontro \u00e9 organizado no [&hellip;]<\/p>\n","protected":false},"author":3,"featured_media":15898,"comment_status":"closed","ping_status":"closed","sticky":false,"template":"","format":"standard","meta":{"footnotes":""},"categories":[242],"tags":[384],"ano-noticia":[414],"class_list":["post-15900","post","type-post","status-publish","format-standard","has-post-thumbnail","hentry","category-general","tag-meeting","ano-noticia-2024-en"],"_links":{"self":[{"href":"https:\/\/citcem.org\/en\/wp-json\/wp\/v2\/posts\/15900","targetHints":{"allow":["GET"]}}],"collection":[{"href":"https:\/\/citcem.org\/en\/wp-json\/wp\/v2\/posts"}],"about":[{"href":"https:\/\/citcem.org\/en\/wp-json\/wp\/v2\/types\/post"}],"author":[{"embeddable":true,"href":"https:\/\/citcem.org\/en\/wp-json\/wp\/v2\/users\/3"}],"replies":[{"embeddable":true,"href":"https:\/\/citcem.org\/en\/wp-json\/wp\/v2\/comments?post=15900"}],"version-history":[{"count":0,"href":"https:\/\/citcem.org\/en\/wp-json\/wp\/v2\/posts\/15900\/revisions"}],"wp:featuredmedia":[{"embeddable":true,"href":"https:\/\/citcem.org\/en\/wp-json\/wp\/v2\/media\/15898"}],"wp:attachment":[{"href":"https:\/\/citcem.org\/en\/wp-json\/wp\/v2\/media?parent=15900"}],"wp:term":[{"taxonomy":"category","embeddable":true,"href":"https:\/\/citcem.org\/en\/wp-json\/wp\/v2\/categories?post=15900"},{"taxonomy":"post_tag","embeddable":true,"href":"https:\/\/citcem.org\/en\/wp-json\/wp\/v2\/tags?post=15900"},{"taxonomy":"ano-noticia","embeddable":true,"href":"https:\/\/citcem.org\/en\/wp-json\/wp\/v2\/ano-noticia?post=15900"}],"curies":[{"name":"wp","href":"https:\/\/api.w.org\/{rel}","templated":true}]}}