{"id":15212,"date":"2024-04-05T16:18:52","date_gmt":"2024-04-05T16:18:52","guid":{"rendered":"https:\/\/citcem.org\/entre-clio-caliope-e-afrodite-homenagem-a-ana-miranda\/"},"modified":"2025-01-15T11:37:11","modified_gmt":"2025-01-15T11:37:11","slug":"entre-clio-caliope-e-afrodite-homenagem-a-ana-miranda","status":"publish","type":"post","link":"https:\/\/citcem.org\/en\/entre-clio-caliope-e-afrodite-homenagem-a-ana-miranda\/","title":{"rendered":"Entre Clio, Cal\u00edope e Afrodite: Homenagem a Ana Miranda"},"content":{"rendered":"<p>Esta jornada versar\u00e1 sobre a escritora brasileira Ana Miranda, que estar\u00e1 em Portugal para participar no col\u00f3quio e para apresentar a edi\u00e7\u00e3o portuguesa de &#8220;Musa Praguejadora: a vida de Greg\u00f3rio de Matos&#8221;<\/p>\n<p>&nbsp;<\/p>\n<section class=\"elementor-section elementor-inner-section elementor-element elementor-element-0232b43 elementor-section-boxed elementor-section-height-default elementor-section-height-default\" data-id=\"0232b43\" data-element_type=\"section\">\n<div class=\"elementor-container elementor-column-gap-default\">\n<div class=\"elementor-row\">\n<div class=\"elementor-column elementor-col-100 elementor-inner-column elementor-element elementor-element-7a4cb69\" data-id=\"7a4cb69\" data-element_type=\"column\">\n<div class=\"elementor-column-wrap elementor-element-populated\">\n<div class=\"elementor-widget-wrap\">\n<div class=\"elementor-element elementor-element-5bf64c8 elementor-widget elementor-widget-heading\" data-id=\"5bf64c8\" data-element_type=\"widget\" data-widget_type=\"heading.default\">\n<div class=\"elementor-widget-container\">\n<p class=\"elementor-heading-title elementor-size-default\">Local:<\/p>\n<\/div>\n<\/div>\n<div class=\"elementor-element elementor-element-4f1b89f elementor-widget elementor-widget-jet-listing-dynamic-field\" data-id=\"4f1b89f\" data-element_type=\"widget\" data-widget_type=\"jet-listing-dynamic-field.default\">\n<div class=\"elementor-widget-container\">\n<div class=\"jet-listing jet-listing-dynamic-field display-inline\">\n<div class=\"jet-listing-dynamic-field__inline-wrap\">\n<div class=\"jet-listing-dynamic-field__content\">FLUP | Sala de Reuni\u00f5es<\/div>\n<\/div>\n<\/div>\n<\/div>\n<\/div>\n<\/div>\n<\/div>\n<\/div>\n<\/div>\n<\/div>\n<\/section>\n<div class=\"elementor-element elementor-element-7865396 elementor-widget-divider--view-line elementor-widget elementor-widget-divider\" data-id=\"7865396\" data-element_type=\"widget\" data-widget_type=\"divider.default\">\n<div class=\"elementor-widget-container\">\n<div class=\"elementor-divider\"><\/div>\n<\/div>\n<\/div>\n<section class=\"elementor-section elementor-inner-section elementor-element elementor-element-415d1a3 elementor-section-boxed elementor-section-height-default elementor-section-height-default\" data-id=\"415d1a3\" data-element_type=\"section\">\n<div class=\"elementor-container elementor-column-gap-default\">\n<div class=\"elementor-row\">\n<div class=\"elementor-column elementor-col-50 elementor-inner-column elementor-element elementor-element-822391d\" data-id=\"822391d\" data-element_type=\"column\">\n<div class=\"elementor-column-wrap elementor-element-populated\">\n<div class=\"elementor-widget-wrap\">\n<div class=\"elementor-element elementor-element-77ee32c elementor-widget elementor-widget-heading\" data-id=\"77ee32c\" data-element_type=\"widget\" data-widget_type=\"heading.default\">\n<div class=\"elementor-widget-container\">\n<p class=\"elementor-heading-title elementor-size-default\">Data in\u00edcio:<\/p>\n<\/div>\n<\/div>\n<div class=\"elementor-element elementor-element-1d08f8c elementor-widget elementor-widget-jet-listing-dynamic-field\" data-id=\"1d08f8c\" data-element_type=\"widget\" data-widget_type=\"jet-listing-dynamic-field.default\">\n<div class=\"elementor-widget-container\">\n<div class=\"jet-listing jet-listing-dynamic-field display-inline\">\n<div class=\"jet-listing-dynamic-field__inline-wrap\">\n<div class=\"jet-listing-dynamic-field__content\">10\/04\/2024<\/div>\n<\/div>\n<\/div>\n<\/div>\n<\/div>\n<\/div>\n<\/div>\n<\/div>\n<div class=\"elementor-column elementor-col-50 elementor-inner-column elementor-element elementor-element-6bd93d2\" data-id=\"6bd93d2\" data-element_type=\"column\">\n<div class=\"elementor-column-wrap elementor-element-populated\">\n<div class=\"elementor-widget-wrap\">\n<div class=\"elementor-element elementor-element-77db5ab elementor-widget elementor-widget-heading\" data-id=\"77db5ab\" data-element_type=\"widget\" data-widget_type=\"heading.default\">\n<div class=\"elementor-widget-container\">\n<p>&nbsp;<\/p>\n<p class=\"elementor-heading-title elementor-size-default\">Hor\u00e1rio:<\/p>\n<\/div>\n<\/div>\n<\/div>\n<\/div>\n<\/div>\n<\/div>\n<\/div>\n<\/section>\n<section class=\"elementor-section elementor-inner-section elementor-element elementor-element-7010896 elementor-section-boxed elementor-section-height-default elementor-section-height-default\" data-id=\"7010896\" data-element_type=\"section\">\n<div class=\"elementor-container elementor-column-gap-default\">\n<div class=\"elementor-row\">\n<div class=\"elementor-column elementor-col-100 elementor-inner-column elementor-element elementor-element-28d56fb\" data-id=\"28d56fb\" data-element_type=\"column\">\n<div class=\"elementor-column-wrap elementor-element-populated\">\n<div class=\"elementor-widget-wrap\">\n<div class=\"elementor-element elementor-element-59cf9da elementor-widget elementor-widget-jet-listing-dynamic-field\" data-id=\"59cf9da\" data-element_type=\"widget\" data-widget_type=\"jet-listing-dynamic-field.default\">\n<div class=\"elementor-widget-container\">\n<div class=\"jet-listing jet-listing-dynamic-field display-inline\">\n<div class=\"jet-listing-dynamic-field__inline-wrap\">\n<div class=\"jet-listing-dynamic-field__content\">14:30<\/div>\n<\/div>\n<\/div>\n<\/div>\n<\/div>\n<\/div>\n<\/div>\n<\/div>\n<\/div>\n<\/div>\n<\/section>\n","protected":false},"excerpt":{"rendered":"<p>Esta jornada versar\u00e1 sobre a escritora brasileira Ana Miranda, que estar\u00e1 em Portugal para participar no col\u00f3quio e para apresentar a edi\u00e7\u00e3o portuguesa de &#8220;Musa Praguejadora: a vida de Greg\u00f3rio de Matos&#8221; &nbsp; Local: FLUP | Sala de Reuni\u00f5es Data in\u00edcio: 10\/04\/2024 &nbsp; Hor\u00e1rio: 14:30<\/p>\n","protected":false},"author":3,"featured_media":15210,"comment_status":"closed","ping_status":"closed","sticky":false,"template":"","format":"standard","meta":{"footnotes":""},"categories":[242],"tags":[340],"ano-noticia":[414],"class_list":["post-15212","post","type-post","status-publish","format-standard","has-post-thumbnail","hentry","category-general","tag-conference","ano-noticia-2024-en"],"_links":{"self":[{"href":"https:\/\/citcem.org\/en\/wp-json\/wp\/v2\/posts\/15212","targetHints":{"allow":["GET"]}}],"collection":[{"href":"https:\/\/citcem.org\/en\/wp-json\/wp\/v2\/posts"}],"about":[{"href":"https:\/\/citcem.org\/en\/wp-json\/wp\/v2\/types\/post"}],"author":[{"embeddable":true,"href":"https:\/\/citcem.org\/en\/wp-json\/wp\/v2\/users\/3"}],"replies":[{"embeddable":true,"href":"https:\/\/citcem.org\/en\/wp-json\/wp\/v2\/comments?post=15212"}],"version-history":[{"count":0,"href":"https:\/\/citcem.org\/en\/wp-json\/wp\/v2\/posts\/15212\/revisions"}],"wp:featuredmedia":[{"embeddable":true,"href":"https:\/\/citcem.org\/en\/wp-json\/wp\/v2\/media\/15210"}],"wp:attachment":[{"href":"https:\/\/citcem.org\/en\/wp-json\/wp\/v2\/media?parent=15212"}],"wp:term":[{"taxonomy":"category","embeddable":true,"href":"https:\/\/citcem.org\/en\/wp-json\/wp\/v2\/categories?post=15212"},{"taxonomy":"post_tag","embeddable":true,"href":"https:\/\/citcem.org\/en\/wp-json\/wp\/v2\/tags?post=15212"},{"taxonomy":"ano-noticia","embeddable":true,"href":"https:\/\/citcem.org\/en\/wp-json\/wp\/v2\/ano-noticia?post=15212"}],"curies":[{"name":"wp","href":"https:\/\/api.w.org\/{rel}","templated":true}]}}